{"id":134,"date":"2022-12-12T10:49:19","date_gmt":"2022-12-12T09:49:19","guid":{"rendered":"https:\/\/e-dana.pl\/blog\/?p=134"},"modified":"2022-12-12T12:24:05","modified_gmt":"2022-12-12T11:24:05","slug":"pomysly-na-swiateczne-przekaski-dania-i-desery-z-bakaliami","status":"publish","type":"post","link":"https:\/\/e-dana.pl\/blog\/pomysly-na-swiateczne-przekaski-dania-i-desery-z-bakaliami\/","title":{"rendered":"Pomys\u0142y na \u015bwi\u0105teczne przek\u0105ski, dania i desery z bakaliami"},"content":{"rendered":"<p>Do najbardziej charakterystycznych zapach\u00f3w kojarz\u0105cych si\u0119\u00a0z\u00a0Bo\u017cym Narodzeniem zaraz obok \u017cywicznej woni choinki nale\u017c\u0105 przyprawy korzenne i\u00a0bakalie. U\u017cywamy ich\u00a0do\u00a0przygotowywania r\u00f3\u017cnych potraw spo\u017cywanych podczas \u015bwi\u0105tecznych spotka\u0144 z\u00a0rodzin\u0105 i\u00a0bliskimi. Sprawd\u017a, jakie aromatyczne i\u00a0smaczne dania, desery oraz przystawki pe\u0142ne zdrowych bakalii mo\u017cna przygotowa\u0107!<\/p>\n<h2>\u015aledzie w\u00a0oleju z\u00a0bakaliami<\/h2>\n<p>\u015aledzie z\u00a0bakaliami to\u00a0\u015bwietna alternatywa dla\u00a0klasycznych \u015bledzi z\u00a0cebul\u0105, po\u00a0kaszubsku lub\u00a0w\u00a0\u015bmietanie. Przygotowanie tej\u00a0znakomitej przystawki jest banalnie proste. Wystarczy ulubione bakalie, orzechy i\u00a0cebul\u0119 posieka\u0107 na\u00a0mniejsze kawa\u0142ki oraz uk\u0142ada\u0107 w\u00a0s\u0142oiku na\u00a0przemian ze\u00a0\u015bledziami. Ca\u0142o\u015b\u0107 nale\u017cy zala\u0107 olejem i\u00a0po\u00a0dw\u00f3ch dniach przechowywania w\u00a0lod\u00f3wce mo\u017cna delektowa\u0107 si\u0119\u00a0ich\u00a0wyj\u0105tkowym smakiem!<\/p>\n<h2>Wega\u0144skie deserki bakaliowe<\/h2>\n<p>Do\u00a0przygotowania ciasteczek potrzebne s\u0105\u00a0suszone bakalie: morele, daktyle, rodzinki lub\u00a0\u017curawina, a\u00a0do\u00a0tego przyprawy korzenne. Wszystko razem nale\u017cy zblendowa\u0107, nast\u0119pnie doda\u0107 migda\u0142y, orzechy i\u00a0rozpuszczony olej kokosowy. Po\u00a0upieczeniu deserki mo\u017cna udekorowa\u0107 kremem z\u00a0nerkowc\u00f3w i\u00a0listkami \u015bwie\u017cej mi\u0119ty. Takie s\u0142odkie, pe\u0142ne bakalii ciasteczka na\u00a0pewno przypadn\u0105 do\u00a0gustu wszystkim go\u015bciom!<\/p>\n<h2>Wigilijne kluski z\u00a0makiem i\u00a0bakaliami<\/h2>\n<p>Jedn\u0105 z\u00a0tradycyjnych potraw \u015bwi\u0105tecznych s\u0105\u00a0kluski z\u00a0makiem. To\u00a0proste, ale\u00a0bardzo smaczne danie najbardziej znane jest na\u00a0Pomorzu, ale\u00a0przygotowuje si\u0119\u00a0je\u00a0w\u00a0ca\u0142ej Polsce. Kluski najlepiej smakuj\u0105 z\u00a0wysokiej jako\u015bci mas\u0105 makow\u0105, aromatycznym miodem i\u00a0du\u017c\u0105 gar\u015bci\u0105 s\u0142odkich bakalii.<\/p>\n<h2>\u015awi\u0105teczny keks<\/h2>\n<p>\u015awi\u0119ta to\u00a0te\u017c\u00a0doskona\u0142y czas, aby\u00a0pocz\u0119stowa\u0107 rodzin\u0119 i\u00a0bliskich pysznym keksem. To\u00a0tradycyjne ciasto ucierane nafaszerowane jest daktylami, rodzynkami, figami, kandyzowanymi owocami, morelami, sk\u00f3rk\u0105 pomara\u0144czow\u0105 i\u00a0cytrynow\u0105 oraz wieloma korzennymi przyprawami. Najlepiej smakuje kilka dni\u00a0po\u00a0upieczeniu \u2013 wtedy rozp\u0142ywa si\u0119\u00a0w\u00a0ustach!<\/p>\n<h3>Dana \u2013 Tw\u00f3j sklep z\u00a0tanimi bakaliami, orzechami i\u00a0przyprawami<\/h3>\n<p>Potrzebujesz bakalii na\u00a0\u015bwi\u0119ta lub\u00a0inn\u0105 okazj\u0119? Zach\u0119camy do\u00a0skorzystania z\u00a0oferty <strong>hurtowni<\/strong> Dana. W\u00a0naszym <strong>sklepie online<\/strong> znajdziesz wszystkie <strong>orzechy<\/strong> \u015bwiata, owoce suszone i\u00a0kandyzowane oraz <strong>bakalie<\/strong>. Zam\u00f3wienia dostarczamy m.in. do\u00a0<strong>Warszawy<\/strong>, <strong>Bia\u0142egostoku<\/strong>, <strong>Szczecina<\/strong> i\u00a0<strong>Krakowa<\/strong>!<\/p>\n","protected":false},"excerpt":{"rendered":"<p>Do najbardziej charakterystycznych zapach\u00f3w kojarz\u0105cych si\u0119\u00a0z\u00a0Bo\u017cym Narodzeniem zaraz obok \u017cywicznej woni choinki nale\u017c\u0105 przyprawy korzenne i\u00a0bakalie. U\u017cywamy ich\u00a0do\u00a0przygotowywania r\u00f3\u017cnych potraw spo\u017cywanych podczas \u015bwi\u0105tecznych spotka\u0144 z\u00a0rodzin\u0105 i\u00a0bliskimi. Sprawd\u017a, jakie aromatyczne i\u00a0smaczne dania, desery oraz przystawki pe\u0142ne zdrowych bakalii mo\u017cna przygotowa\u0107! \u015aledzie w\u00a0oleju z\u00a0bakaliami \u015aledzie z\u00a0bakaliami to\u00a0\u015bwietna alternatywa dla\u00a0klasycznych \u015bledzi z\u00a0cebul\u0105, po\u00a0kaszubsku lub\u00a0w\u00a0\u015bmietanie. Przygotowanie tej\u00a0znakomitej przystawki jest [&hellip;]<\/p>\n","protected":false},"author":2,"featured_media":115,"comment_status":"closed","ping_status":"closed","sticky":false,"template":"","format":"standard","meta":{"footnotes":""},"categories":[1],"tags":[],"class_list":["post-134","post","type-post","status-publish","format-standard","has-post-thumbnail","hentry","category-blog"],"_links":{"self":[{"href":"https:\/\/e-dana.pl\/blog\/wp-json\/wp\/v2\/posts\/134","targetHints":{"allow":["GET"]}}],"collection":[{"href":"https:\/\/e-dana.pl\/blog\/wp-json\/wp\/v2\/posts"}],"about":[{"href":"https:\/\/e-dana.pl\/blog\/wp-json\/wp\/v2\/types\/post"}],"author":[{"embeddable":true,"href":"https:\/\/e-dana.pl\/blog\/wp-json\/wp\/v2\/users\/2"}],"replies":[{"embeddable":true,"href":"https:\/\/e-dana.pl\/blog\/wp-json\/wp\/v2\/comments?post=134"}],"version-history":[{"count":3,"href":"https:\/\/e-dana.pl\/blog\/wp-json\/wp\/v2\/posts\/134\/revisions"}],"predecessor-version":[{"id":137,"href":"https:\/\/e-dana.pl\/blog\/wp-json\/wp\/v2\/posts\/134\/revisions\/137"}],"wp:featuredmedia":[{"embeddable":true,"href":"https:\/\/e-dana.pl\/blog\/wp-json\/wp\/v2\/media\/115"}],"wp:attachment":[{"href":"https:\/\/e-dana.pl\/blog\/wp-json\/wp\/v2\/media?parent=134"}],"wp:term":[{"taxonomy":"category","embeddable":true,"href":"https:\/\/e-dana.pl\/blog\/wp-json\/wp\/v2\/categories?post=134"},{"taxonomy":"post_tag","embeddable":true,"href":"https:\/\/e-dana.pl\/blog\/wp-json\/wp\/v2\/tags?post=134"}],"curies":[{"name":"wp","href":"https:\/\/api.w.org\/{rel}","templated":true}]}}