{"id":146,"date":"2023-02-13T15:50:43","date_gmt":"2023-02-13T14:50:43","guid":{"rendered":"https:\/\/e-dana.pl\/blog\/?p=146"},"modified":"2023-02-14T08:28:20","modified_gmt":"2023-02-14T07:28:20","slug":"do-czego-wykorzystac-suszony-berberys","status":"publish","type":"post","link":"https:\/\/e-dana.pl\/blog\/do-czego-wykorzystac-suszony-berberys\/","title":{"rendered":"Do czego wykorzysta\u0107 suszony berberys?"},"content":{"rendered":"<p>Berberys zwyczajny to kolczasty krzew naturalnie wyst\u0119puj\u0105cy w Europie \u015arodkowej i po\u0142udniowej Azji. Owoce tej ro\u015bliny zwane jagodami, maj\u0105 pod\u0142u\u017cny kszta\u0142t i czerwony kolor. Charakteryzuje je nietypowy smak zbli\u017cony do rodzynek lub \u017curawiny \u2013 pomimo du\u017cej zawarto\u015bci cukru s\u0105 kwa\u015bne i cierpkie. Owoce berberysu w postaci suszonej maj\u0105 wiele cennych w\u0142a\u015bciwo\u015bci i szerokie zastosowanie. Chcesz je pozna\u0107? Czytaj dalej!<\/p>\n<h2>Prozdrowotne w\u0142a\u015bciwo\u015bci i zastosowanie <strong>suszonego berberysu<\/strong><\/h2>\n<p>Owoce <a href=\"https:\/\/e-dana.pl\/sklep\/produkt\/id\/181\"><strong>suszonego berberysu<\/strong><\/a> to bogactwo witamin, w\u0119glowodan\u00f3w, minera\u0142\u00f3w i b\u0142onnika. Wspomagaj\u0105 leczenie kataru oraz prac\u0119 w\u0105troby, stosowane s\u0105 jako skuteczny \u015brodek przeciwbakteryjny, przeciwgrzybiczy, przeciwzapalny i przeciwb\u00f3lowy, stanowi\u0105 te\u017c idealne uzupe\u0142nienie diety niskowitaminowej. Berberys mo\u017ce by\u0107 stosowany w leczeniu dolegliwo\u015bci takich jak biegunka, infekcje dr\u00f3g moczowych, b\u00f3le brzucha, zapalenia staw\u00f3w, wysoki poziom cholesterolu, cukrzyca czy tr\u0105dzik.<\/p>\n<p>Do czego wykorzysta\u0107 <strong>suszony berberys<\/strong>? Owoce tej ro\u015bliny doskonale nadaj\u0105 si\u0119 jako sk\u0142adnik herbat i innych napoj\u00f3w oraz suplement\u00f3w diety. <strong>Suszony berberys<\/strong> mo\u017cna r\u00f3wnie\u017c stosowa\u0107 jako przyprawa do potraw, kt\u00f3ra dostarcza wyj\u0105tkowego smaku i aromatu. Pasuje do owsianek, p\u0142atk\u00f3w \u015bniadaniowych, musli, deser\u00f3w, a tak\u017ce da\u0144 mi\u0119snych z ry\u017cem lub makaronem. Wspaniale sprawdza si\u0119 r\u00f3wnie\u017c jako lekka przek\u0105ska lub dodatek do domowych d\u017cem\u00f3w. Dodatkowo, <strong>suszony berberys<\/strong> stosowany jest jako sk\u0142adnik k\u0105pieli zapachowych, kt\u00f3re maj\u0105 dzia\u0142anie relaksuj\u0105ce i pomagaj\u0105 w redukcji stresu.<\/p>\n<p>Nale\u017cy jednak pami\u0119ta\u0107, \u017ce <strong>suszony berberys<\/strong> mo\u017ce mie\u0107 dzia\u0142anie toksyczne, dlatego zaleca si\u0119 stosowanie go z umiarem i po konsultacji z lekarzem. Podanie zbyt du\u017cej ilo\u015bci berberyny jednorazowo mo\u017ce doprowadzi\u0107 bowiem do problem\u00f3w z uk\u0142adem trawiennym. W przypadku ci\u0105\u017cy i karmienia piersi\u0105, berberys powinien by\u0107 stosowany tylko po konsultacji z lekarzem.<\/p>\n<h2><strong>Berberys suszony<\/strong> w naszej <strong>hurtowni przypraw i bakalii online<\/strong><\/h2>\n<p>Je\u015bli chcesz zacz\u0105\u0107 stosowa\u0107 <strong>berberys suszony<\/strong> w codziennej diecie \u2013 z\u0142\u00f3\u017c zam\u00f3wienie w naszym <strong>sklepie internetowym<\/strong>! Oferujemy <strong>tanie bakalie<\/strong>, <strong>przyprawy<\/strong> i wiele innych produkt\u00f3w. Wszystkie w doskona\u0142ej jako\u015bci i przyst\u0119pnej cenie.<\/p>\n","protected":false},"excerpt":{"rendered":"<p>Berberys zwyczajny to kolczasty krzew naturalnie wyst\u0119puj\u0105cy w Europie \u015arodkowej i po\u0142udniowej Azji. Owoce tej ro\u015bliny zwane jagodami, maj\u0105 pod\u0142u\u017cny kszta\u0142t i czerwony kolor. Charakteryzuje je nietypowy smak zbli\u017cony do rodzynek lub \u017curawiny \u2013 pomimo du\u017cej zawarto\u015bci cukru s\u0105 kwa\u015bne i cierpkie. Owoce berberysu w postaci suszonej maj\u0105 wiele cennych w\u0142a\u015bciwo\u015bci i szerokie zastosowanie. Chcesz [&hellip;]<\/p>\n","protected":false},"author":2,"featured_media":147,"comment_status":"closed","ping_status":"closed","sticky":false,"template":"","format":"standard","meta":{"footnotes":""},"categories":[1],"tags":[],"class_list":["post-146","post","type-post","status-publish","format-standard","has-post-thumbnail","hentry","category-blog"],"_links":{"self":[{"href":"https:\/\/e-dana.pl\/blog\/wp-json\/wp\/v2\/posts\/146","targetHints":{"allow":["GET"]}}],"collection":[{"href":"https:\/\/e-dana.pl\/blog\/wp-json\/wp\/v2\/posts"}],"about":[{"href":"https:\/\/e-dana.pl\/blog\/wp-json\/wp\/v2\/types\/post"}],"author":[{"embeddable":true,"href":"https:\/\/e-dana.pl\/blog\/wp-json\/wp\/v2\/users\/2"}],"replies":[{"embeddable":true,"href":"https:\/\/e-dana.pl\/blog\/wp-json\/wp\/v2\/comments?post=146"}],"version-history":[{"count":1,"href":"https:\/\/e-dana.pl\/blog\/wp-json\/wp\/v2\/posts\/146\/revisions"}],"predecessor-version":[{"id":148,"href":"https:\/\/e-dana.pl\/blog\/wp-json\/wp\/v2\/posts\/146\/revisions\/148"}],"wp:featuredmedia":[{"embeddable":true,"href":"https:\/\/e-dana.pl\/blog\/wp-json\/wp\/v2\/media\/147"}],"wp:attachment":[{"href":"https:\/\/e-dana.pl\/blog\/wp-json\/wp\/v2\/media?parent=146"}],"wp:term":[{"taxonomy":"category","embeddable":true,"href":"https:\/\/e-dana.pl\/blog\/wp-json\/wp\/v2\/categories?post=146"},{"taxonomy":"post_tag","embeddable":true,"href":"https:\/\/e-dana.pl\/blog\/wp-json\/wp\/v2\/tags?post=146"}],"curies":[{"name":"wp","href":"https:\/\/api.w.org\/{rel}","templated":true}]}}