{"id":223,"date":"2023-12-04T15:34:28","date_gmt":"2023-12-04T14:34:28","guid":{"rendered":"https:\/\/e-dana.pl\/blog\/?p=223"},"modified":"2023-12-05T08:04:12","modified_gmt":"2023-12-05T07:04:12","slug":"owoce-kandyzowane-w-swiatecznych-wypiekach","status":"publish","type":"post","link":"https:\/\/e-dana.pl\/blog\/owoce-kandyzowane-w-swiatecznych-wypiekach\/","title":{"rendered":"Owoce kandyzowane w \u015bwi\u0105tecznych wypiekach"},"content":{"rendered":"<p><span style=\"font-weight: 400;\">Okres \u015bwi\u0105teczny to czas, kiedy nasze domy wype\u0142niaj\u0105 si\u0119 aromatem korzennych przypraw, cynamonu i wanilii. To r\u00f3wnie\u017c moment, kiedy cz\u0119\u015bciej ni\u017c zwykle dodajemy <\/span><b>owoce kandyzowane<\/b><span style=\"font-weight: 400;\"> do wypiek\u00f3w i innych \u015bwi\u0105tecznych przysmak\u00f3w. To w\u0142a\u015bnie one nadaj\u0105 ciastom i potrawom s\u0142odyczy, ale tak\u017ce intensywnego smaku i aromatu.\u00a0<\/span><\/p>\n<p><a href=\"https:\/\/e-dana.pl\/sklep\/kategoria\/id\/2\"><b>Owoce kandyzowane<\/b><\/a><span style=\"font-weight: 400;\"> maj\u0105 d\u0142ug\u0105 histori\u0119 i s\u0105 wa\u017cnym elementem kuchni \u015bwi\u0105tecznej od wiek\u00f3w. W okresie \u015bredniowiecza, kiedy cukier by\u0142 luksusem,<\/span><b> kandyzowane owoce<\/b><span style=\"font-weight: 400;\"> by\u0142y traktowane jako wykwintne i ekskluzywne smako\u0142yki, dost\u0119pne tylko dla najbogatszych. W miar\u0119 up\u0142ywu czasu sta\u0142y si\u0119 one bardziej dost\u0119pne, a ich rola w kuchni \u015bwi\u0105tecznej zacz\u0119\u0142a ewoluowa\u0107.<\/span><\/p>\n<h2><span style=\"font-weight: 400;\">Proces kandyzowania owoc\u00f3w<\/span><\/h2>\n<p><span style=\"font-weight: 400;\">Proces przygotowania <\/span><b>owoc\u00f3w kandyzowanych <\/b><span style=\"font-weight: 400;\">jest czasoch\u0142onny, ale rezultaty s\u0105 tego warte. Najcz\u0119\u015bciej u\u017cywane owoce to sk\u00f3rki cytrus\u00f3w, <\/span><b>imbir <\/b><span style=\"font-weight: 400;\">czy rodzynki. Proces zaczyna si\u0119 od namoczenia owoc\u00f3w w syropie cukrowym, a nast\u0119pnie gotowania ich na wolnym ogniu. Owoce s\u0105 nast\u0119pnie suszone, a proces ten mo\u017cna powtarza\u0107 kilka razy, aby uzyska\u0107 intensywniejszy smak i lepsz\u0105 trwa\u0142o\u015b\u0107.<\/span><\/p>\n<h2><span style=\"font-weight: 400;\">Jak wykorzysta\u0107 <\/span><b>owoce kandyzowane<\/b><span style=\"font-weight: 400;\"> w \u015bwi\u0105tecznych wypiekach?<\/span><span style=\"font-weight: 400;\"><br \/>\n<\/span><\/h2>\n<p><span style=\"font-weight: 400;\">Dodanie <\/span><b>owoc\u00f3w kandyzowanych <\/b><span style=\"font-weight: 400;\">\u2013 <\/span><b>imbiru<\/b><span style=\"font-weight: 400;\">, banan\u00f3w czy ananasa \u2013 do \u015bwi\u0105tecznych wypiek\u00f3w to doskona\u0142y spos\u00f3b na podniesienie smaku i estetyki deser\u00f3w. <\/span><b>Kandyzowane owoce <\/b><span style=\"font-weight: 400;\">dodaje si\u0119 mi\u0119dzy innymi do tradycyjnego keksu, czyli pysznego ciasta biszkoptowego z bakaliami, piernik\u00f3w, chlebk\u00f3w miodowych, muffinek, ciasteczek, a tak\u017ce uwielbianego przez wiele os\u00f3b w\u0142oskiego ciasta z okolic Mediolanu \u2013 panettone. \u015amia\u0142o mo\u017cna te\u017c eksperymentowa\u0107 z r\u00f3\u017cnymi kombinacjami <\/span><b>owoc\u00f3w kandyzowanych <\/b><span style=\"font-weight: 400;\">w swoich wypiekach. Kreatywno\u015b\u0107 jest kluczem do odkrywania nowych, pysznych smak\u00f3w.<\/span><\/p>\n<p><b>Owoce kandyzowane<\/b><span style=\"font-weight: 400;\"> to niezast\u0105piony sk\u0142adnik \u015bwi\u0105tecznych wypiek\u00f3w, kt\u00f3ry dodaje im charakteru i g\u0142\u0119bokiego smaku. Bez wzgl\u0119du na to, czy dodajesz je do tradycyjnych przepis\u00f3w, czy eksperymentujesz z w\u0142asnymi kreatywnymi kompozycjami, <\/span><b>owoce kandyzowane <\/b><span style=\"font-weight: 400;\">sprawi\u0105, \u017ce Twoje wyroby b\u0119d\u0105 jeszcze bardziej wyj\u0105tkowe. Aby zam\u00f3wi\u0107 wysokiej jako\u015bci <\/span><b>owoce kandyzowane, <\/b><span style=\"font-weight: 400;\">zr\u00f3b zakupy w <\/span><b>hurtowni bakalii<\/b><span style=\"font-weight: 400;\">, <\/span><b>orzech\u00f3w <\/b><span style=\"font-weight: 400;\">i <\/span><b>przypraw <\/b><span style=\"font-weight: 400;\">Dana! Zapraszamy!\u00a0<\/span><\/p>\n","protected":false},"excerpt":{"rendered":"<p>Okres \u015bwi\u0105teczny to czas, kiedy nasze domy wype\u0142niaj\u0105 si\u0119 aromatem korzennych przypraw, cynamonu i wanilii. To r\u00f3wnie\u017c moment, kiedy cz\u0119\u015bciej ni\u017c zwykle dodajemy owoce kandyzowane do wypiek\u00f3w i innych \u015bwi\u0105tecznych przysmak\u00f3w. To w\u0142a\u015bnie one nadaj\u0105 ciastom i potrawom s\u0142odyczy, ale tak\u017ce intensywnego smaku i aromatu.\u00a0 Owoce kandyzowane maj\u0105 d\u0142ug\u0105 histori\u0119 i s\u0105 wa\u017cnym elementem kuchni [&hellip;]<\/p>\n","protected":false},"author":2,"featured_media":224,"comment_status":"closed","ping_status":"closed","sticky":false,"template":"","format":"standard","meta":{"footnotes":""},"categories":[1],"tags":[],"class_list":["post-223","post","type-post","status-publish","format-standard","has-post-thumbnail","hentry","category-blog"],"_links":{"self":[{"href":"https:\/\/e-dana.pl\/blog\/wp-json\/wp\/v2\/posts\/223","targetHints":{"allow":["GET"]}}],"collection":[{"href":"https:\/\/e-dana.pl\/blog\/wp-json\/wp\/v2\/posts"}],"about":[{"href":"https:\/\/e-dana.pl\/blog\/wp-json\/wp\/v2\/types\/post"}],"author":[{"embeddable":true,"href":"https:\/\/e-dana.pl\/blog\/wp-json\/wp\/v2\/users\/2"}],"replies":[{"embeddable":true,"href":"https:\/\/e-dana.pl\/blog\/wp-json\/wp\/v2\/comments?post=223"}],"version-history":[{"count":1,"href":"https:\/\/e-dana.pl\/blog\/wp-json\/wp\/v2\/posts\/223\/revisions"}],"predecessor-version":[{"id":225,"href":"https:\/\/e-dana.pl\/blog\/wp-json\/wp\/v2\/posts\/223\/revisions\/225"}],"wp:featuredmedia":[{"embeddable":true,"href":"https:\/\/e-dana.pl\/blog\/wp-json\/wp\/v2\/media\/224"}],"wp:attachment":[{"href":"https:\/\/e-dana.pl\/blog\/wp-json\/wp\/v2\/media?parent=223"}],"wp:term":[{"taxonomy":"category","embeddable":true,"href":"https:\/\/e-dana.pl\/blog\/wp-json\/wp\/v2\/categories?post=223"},{"taxonomy":"post_tag","embeddable":true,"href":"https:\/\/e-dana.pl\/blog\/wp-json\/wp\/v2\/tags?post=223"}],"curies":[{"name":"wp","href":"https:\/\/api.w.org\/{rel}","templated":true}]}}