{"id":256,"date":"2024-05-29T09:14:15","date_gmt":"2024-05-29T07:14:15","guid":{"rendered":"https:\/\/e-dana.pl\/blog\/?p=256"},"modified":"2024-06-20T09:41:48","modified_gmt":"2024-06-20T07:41:48","slug":"dodatki-do-wypieku-chleba-w-sklepie-dana","status":"publish","type":"post","link":"https:\/\/e-dana.pl\/blog\/dodatki-do-wypieku-chleba-w-sklepie-dana\/","title":{"rendered":"Dodatki do wypieku chleba w sklepie Dana"},"content":{"rendered":"<p>Chleb jest jednym z najstarszych i najbardziej uniwersalnych produkt\u00f3w spo\u017cywczych na \u015bwiecie. Jego prosta forma sk\u0142adaj\u0105ca si\u0119 z m\u0105ki, wody, dro\u017cd\u017cy i soli daje niesko\u0144czone mo\u017cliwo\u015bci modyfikacji. Dodanie odpowiednich sk\u0142adnik\u00f3w mo\u017ce nie tylko poprawi\u0107 smak i aromat chleba, ale tak\u017ce wzbogaci\u0107 go o warto\u015bci od\u017cywcze. Co zrobi\u0107 i po jakie dodatki si\u0119gn\u0105\u0107, aby uczyni\u0107 domowy chleb jeszcze bardziej wyj\u0105tkowym?<\/p>\n<h2>Sk\u0142adniki, kt\u00f3re warto doda\u0107 podczas pieczenia chleba<\/h2>\n<p>Dodanie ziaren i nasion do chleba to chyba najprostszy spos\u00f3b na wzbogacenie jego smaku i tekstury. S\u0105 one r\u00f3wnie\u017c \u015bwietnym \u017ar\u00f3d\u0142em b\u0142onnika, bia\u0142ka i zdrowych t\u0142uszcz\u00f3w. Nasiona s\u0142onecznika nadaj\u0105 delikatnego, orzechowego smaku i chrupko\u015bci, z kolei siemi\u0119 lniane bogate w omega-3 i b\u0142onnik, pomagaj\u0105 utrzyma\u0107 wilgo\u0107, dzi\u0119ki czemu chleb b\u0119dzie d\u0142u\u017cej \u015bwie\u017cy. Coraz cz\u0119\u015bciej do chleba dodaje si\u0119 te\u017c male\u0144kie nasiona chia, kt\u00f3re maj\u0105 niezwyk\u0142\u0105 zdolno\u015b\u0107 absorbowania wody. Popularnym dodatkiem jest r\u00f3wnie\u017c mak.<\/p>\n<p>Orzechy to kolejny doskona\u0142y dodatek do chleba, kt\u00f3ry dodaje mu chrupko\u015bci i bogactwa smaku. Mo\u017cna je doda\u0107 w ca\u0142o\u015bci, posiekane lub nawet zmielone, w zale\u017cno\u015bci od po\u017c\u0105danego efektu. Nada si\u0119 niemal ka\u017cdy rodzaj orzech\u00f3w \u2013 w\u0142oskie, migda\u0142y czy laskowe.<\/p>\n<p>Do wypieku chleba mo\u017cna te\u017c oczywi\u015bcie doda\u0107 ulubione przyprawy. Rozmaryn nadaje wyj\u0105tkowego, zio\u0142owego smaku \u2013 jest idealny do pieczywa typu focaccia. W chlebach \u017cytnich doskonale sprawdzi si\u0119 kminek, a smak chleb\u00f3w dro\u017cd\u017cowych podkre\u015bli\u0107 mo\u017ce s\u0142odko-pikantny kardamon.<br \/>\nSuszone owoce<\/p>\n<p>\u015awietnym sposobem na dodanie wypiekom naturalnej s\u0142odyczy i r\u00f3\u017cnorodno\u015bci smakowej s\u0105 te\u017c suszone owoce. Do tego celu sprawdz\u0105 si\u0119 mi\u0119dzy innymi rodzynki, daktyle, \u017curawina, suszone morele lub figi.<\/p>\n<p>Nie obawiaj si\u0119 eksperymentowa\u0107 i tworzy\u0107 w\u0142asnych, unikalnych kompozycji smakowych. Dzi\u0119ki wy\u017cej wymienionym dodatkom, kt\u00f3re znajdziesz w naszej <strong>hurtowni przypraw<\/strong>, <strong>bakalii i orzech\u00f3w<\/strong> Dana, Twoje domowe pieczywo mo\u017ce sta\u0107 si\u0119 prawdziwym kulinarnym dzie\u0142em sztuki. Smacznego pieczenia!<\/p>\n","protected":false},"excerpt":{"rendered":"<p>Chleb jest jednym z najstarszych i najbardziej uniwersalnych produkt\u00f3w spo\u017cywczych na \u015bwiecie. Jego prosta forma sk\u0142adaj\u0105ca si\u0119 z m\u0105ki, wody, dro\u017cd\u017cy i soli daje niesko\u0144czone mo\u017cliwo\u015bci modyfikacji. Dodanie odpowiednich sk\u0142adnik\u00f3w mo\u017ce nie tylko poprawi\u0107 smak i aromat chleba, ale tak\u017ce wzbogaci\u0107 go o warto\u015bci od\u017cywcze. Co zrobi\u0107 i po jakie dodatki si\u0119gn\u0105\u0107, aby uczyni\u0107 domowy [&hellip;]<\/p>\n","protected":false},"author":2,"featured_media":206,"comment_status":"closed","ping_status":"closed","sticky":false,"template":"","format":"standard","meta":{"footnotes":""},"categories":[1],"tags":[],"class_list":["post-256","post","type-post","status-publish","format-standard","has-post-thumbnail","hentry","category-blog"],"_links":{"self":[{"href":"https:\/\/e-dana.pl\/blog\/wp-json\/wp\/v2\/posts\/256","targetHints":{"allow":["GET"]}}],"collection":[{"href":"https:\/\/e-dana.pl\/blog\/wp-json\/wp\/v2\/posts"}],"about":[{"href":"https:\/\/e-dana.pl\/blog\/wp-json\/wp\/v2\/types\/post"}],"author":[{"embeddable":true,"href":"https:\/\/e-dana.pl\/blog\/wp-json\/wp\/v2\/users\/2"}],"replies":[{"embeddable":true,"href":"https:\/\/e-dana.pl\/blog\/wp-json\/wp\/v2\/comments?post=256"}],"version-history":[{"count":3,"href":"https:\/\/e-dana.pl\/blog\/wp-json\/wp\/v2\/posts\/256\/revisions"}],"predecessor-version":[{"id":259,"href":"https:\/\/e-dana.pl\/blog\/wp-json\/wp\/v2\/posts\/256\/revisions\/259"}],"wp:featuredmedia":[{"embeddable":true,"href":"https:\/\/e-dana.pl\/blog\/wp-json\/wp\/v2\/media\/206"}],"wp:attachment":[{"href":"https:\/\/e-dana.pl\/blog\/wp-json\/wp\/v2\/media?parent=256"}],"wp:term":[{"taxonomy":"category","embeddable":true,"href":"https:\/\/e-dana.pl\/blog\/wp-json\/wp\/v2\/categories?post=256"},{"taxonomy":"post_tag","embeddable":true,"href":"https:\/\/e-dana.pl\/blog\/wp-json\/wp\/v2\/tags?post=256"}],"curies":[{"name":"wp","href":"https:\/\/api.w.org\/{rel}","templated":true}]}}