{"id":277,"date":"2024-09-24T15:46:25","date_gmt":"2024-09-24T13:46:25","guid":{"rendered":"https:\/\/e-dana.pl\/blog\/?p=277"},"modified":"2024-09-25T08:15:58","modified_gmt":"2024-09-25T06:15:58","slug":"szkolna-przekaska-na-zbyt-krotkie-przerwy-miedzy-lekcjami-czyli-zdrowe-bakalie","status":"publish","type":"post","link":"https:\/\/e-dana.pl\/blog\/szkolna-przekaska-na-zbyt-krotkie-przerwy-miedzy-lekcjami-czyli-zdrowe-bakalie\/","title":{"rendered":"Szkolna przek\u0105ska na zbyt kr\u00f3tkie przerwy mi\u0119dzy lekcjami, czyli zdrowe bakalie"},"content":{"rendered":"<p>Bakalie znane s\u0105 ju\u017c od czas\u00f3w staro\u017cytnych. Pod t\u0105 nazw\u0105 kryj\u0105 si\u0119 nasiona sezamu i maku, migda\u0142y, r\u00f3\u017cne orzechy (w tym nerkowce, pistacje czy fistaszki) oraz suszone owoce (m.in. winogrona, daktyle, morele, \u015bliwki). Do tego grona zalicza si\u0119 r\u00f3wnie\u017c kandyzowane sk\u00f3rki cytrus\u00f3w (np. pomara\u0144czy). Najcz\u0119\u015bciej wykorzystywane s\u0105 one w piekarnictwie \u2013 zwykle staj\u0105 si\u0119 dodatkami do ciast, s\u0142odkich bu\u0142eczek oraz podobnych wypiek\u00f3w. Doskonale sprawdzaj\u0105 si\u0119 jednak tak\u017ce jako samodzielna przek\u0105ska. Bakalie \u015bwietnie nadaj\u0105 si\u0119 do zast\u0105pienia s\u0142onych paluszk\u00f3w czy chips\u00f3w w roli szkolnej przek\u0105ski.<\/p>\n<h2>W\u0142a\u015bciwo\u015bci bakalii<\/h2>\n<p>Suszone owoce oraz orzeszki s\u0105 uznawane za do\u015b\u0107 kaloryczne, a niekt\u00f3re z nich (np. fistaszki) mog\u0105 s\u0142u\u017cy\u0107 r\u00f3wnie\u017c jako dodatkowe \u017ar\u00f3d\u0142o bia\u0142ka. Stanowi\u0105 te\u017c \u017ar\u00f3d\u0142o witamin i cennych sk\u0142adnik\u00f3w od\u017cywczych takich jak:<\/p>\n<ul>\n<li>t\u0142uszcze nienasycone,<\/li>\n<li>kwas foliowy,<\/li>\n<li>magnez,<\/li>\n<li>potas.<\/li>\n<\/ul>\n<p>Wszystkie te w\u0142a\u015bciwo\u015bci przyczyniaj\u0105 si\u0119 do tego, \u017ce bakalie stanowi\u0105 dobry wyb\u00f3r dla os\u00f3b maj\u0105cych wysokie zapotrzebowanie energetyczne \u2013 np. dzieci i nastolatk\u00f3w, sportowc\u00f3w, os\u00f3b pracuj\u0105cych fizycznie czy kobiet w II oraz III trymestrze ci\u0105\u017cy.<\/p>\n<h3>Co sprawia, \u017ce bakalie sprawdzaj\u0105 si\u0119 jako zdrowa przek\u0105ska dla uczni\u00f3w?<\/h3>\n<p>W Polsce w wi\u0119kszo\u015bci szk\u00f3\u0142 pauzy mi\u0119dzy lekcjami trwaj\u0105 od 5 do 10 minut. Dyrekcja zwykle ustala te\u017c nieco d\u0142u\u017csz\u0105 przerw\u0119 obiadow\u0105 \u2013 zazwyczaj przypada ona na po\u0142udnie lub wczesne popo\u0142udnie i trwa ok. 20 minut. W tak kr\u00f3tkim czasie zjedzenie pe\u0142nowarto\u015bciowego posi\u0142ku bywa wyzwaniem, wi\u0119c wielu uczni\u00f3w (szczeg\u00f3lnie na etapie szko\u0142y \u015bredniej) ogranicza si\u0119 do kanapek b\u0105d\u017a ich mniej zdrowych alternatyw takich jak batony, chipsy, paluszki z sol\u0105 czy czekolad\u0105.<\/p>\n<p>Bakalie to doskona\u0142y zamiennik niezdrowych, s\u0142odkich albo s\u0142onych przek\u0105sek. Przygotowana samodzielnie lub z pomoc\u0105 rodzica mieszanka suszonych owoc\u00f3w oraz orzech\u00f3w zapewnia o wiele wi\u0119cej warto\u015bci od\u017cywczych, a jednocze\u015bnie jest bardzo smaczna i r\u00f3wnie \u0142atwa do spo\u017cycia, jak chrupki czy \u017celki. Do tego bez wi\u0119kszego problemu mo\u017cna podzieli\u0107 si\u0119 nimi z przyjaci\u00f3\u0142mi, co dla wielu uczni\u00f3w tak\u017ce stanowi istotny aspekt podczas wyboru przek\u0105sek.<\/p>\n<p>Klienci naszego <strong>internetowego sklepu <\/strong><strong>z<\/strong> <a href=\"https:\/\/e-dana.pl\/sklep\/kategoria\/id\/2\"><strong>bakaliami <\/strong><\/a><br \/>\nmog\u0105 skorzysta\u0107 z szerokiego wyboru <strong>owoc\u00f3w <\/strong>suszonych i <strong>kandyzowanych<\/strong>, jak r\u00f3wnie\u017c <strong>orzech\u00f3w <\/strong>dost\u0119pnych w asortymencie. Zach\u0119camy rodzic\u00f3w dzieci w wieku szkolnym, a tak\u017ce nastolatk\u00f3w oraz doros\u0142ych uczni\u00f3w szukaj\u0105cych zdrowych przek\u0105sek do szko\u0142y do sprawdzenia produkt\u00f3w, kt\u00f3re oferujemy!<\/p>\n","protected":false},"excerpt":{"rendered":"<p>Bakalie znane s\u0105 ju\u017c od czas\u00f3w staro\u017cytnych. Pod t\u0105 nazw\u0105 kryj\u0105 si\u0119 nasiona sezamu i maku, migda\u0142y, r\u00f3\u017cne orzechy (w tym nerkowce, pistacje czy fistaszki) oraz suszone owoce (m.in. winogrona, daktyle, morele, \u015bliwki). Do tego grona zalicza si\u0119 r\u00f3wnie\u017c kandyzowane sk\u00f3rki cytrus\u00f3w (np. pomara\u0144czy). Najcz\u0119\u015bciej wykorzystywane s\u0105 one w piekarnictwie \u2013 zwykle staj\u0105 si\u0119 dodatkami [&hellip;]<\/p>\n","protected":false},"author":2,"featured_media":132,"comment_status":"closed","ping_status":"closed","sticky":false,"template":"","format":"standard","meta":{"footnotes":""},"categories":[1],"tags":[],"class_list":["post-277","post","type-post","status-publish","format-standard","has-post-thumbnail","hentry","category-blog"],"_links":{"self":[{"href":"https:\/\/e-dana.pl\/blog\/wp-json\/wp\/v2\/posts\/277","targetHints":{"allow":["GET"]}}],"collection":[{"href":"https:\/\/e-dana.pl\/blog\/wp-json\/wp\/v2\/posts"}],"about":[{"href":"https:\/\/e-dana.pl\/blog\/wp-json\/wp\/v2\/types\/post"}],"author":[{"embeddable":true,"href":"https:\/\/e-dana.pl\/blog\/wp-json\/wp\/v2\/users\/2"}],"replies":[{"embeddable":true,"href":"https:\/\/e-dana.pl\/blog\/wp-json\/wp\/v2\/comments?post=277"}],"version-history":[{"count":2,"href":"https:\/\/e-dana.pl\/blog\/wp-json\/wp\/v2\/posts\/277\/revisions"}],"predecessor-version":[{"id":279,"href":"https:\/\/e-dana.pl\/blog\/wp-json\/wp\/v2\/posts\/277\/revisions\/279"}],"wp:featuredmedia":[{"embeddable":true,"href":"https:\/\/e-dana.pl\/blog\/wp-json\/wp\/v2\/media\/132"}],"wp:attachment":[{"href":"https:\/\/e-dana.pl\/blog\/wp-json\/wp\/v2\/media?parent=277"}],"wp:term":[{"taxonomy":"category","embeddable":true,"href":"https:\/\/e-dana.pl\/blog\/wp-json\/wp\/v2\/categories?post=277"},{"taxonomy":"post_tag","embeddable":true,"href":"https:\/\/e-dana.pl\/blog\/wp-json\/wp\/v2\/tags?post=277"}],"curies":[{"name":"wp","href":"https:\/\/api.w.org\/{rel}","templated":true}]}}