{"id":45,"date":"2022-06-22T14:56:48","date_gmt":"2022-06-22T12:56:48","guid":{"rendered":"https:\/\/e-dana.pl\/blog\/?p=45"},"modified":"2022-07-27T15:01:58","modified_gmt":"2022-07-27T13:01:58","slug":"imbir-kandyzowany-nie-tylko-w-kuchni-wlasciwosci-i-zastosowanie","status":"publish","type":"post","link":"https:\/\/e-dana.pl\/blog\/imbir-kandyzowany-nie-tylko-w-kuchni-wlasciwosci-i-zastosowanie\/","title":{"rendered":"Imbir kandyzowany nie tylko w kuchni \u2013 w\u0142a\u015bciwo\u015bci i zastosowanie"},"content":{"rendered":"<h2><strong>Kandyzowany imbir do&nbsp;ciast<\/strong><\/h2>\n<p>Kandyzowane owoce pod&nbsp;wp\u0142ywem cukru staj\u0105 si\u0119&nbsp;znacznie s\u0142odsze od&nbsp;ich&nbsp;naturalnych odpowiednik\u00f3w. Imbir znany jest ze&nbsp;swojego s\u0142odko-pikantnego smaku oraz specyficznego aromatu. Tym&nbsp;samym jego s\u0142odsza \u2013 kandyzowana \u2013 wersja doskonale sprawdza si\u0119&nbsp;jako dodatek do&nbsp;deser\u00f3w i&nbsp;ciast.<\/p>\n<h2><strong>Najlepszy na&nbsp;r\u00f3\u017cne dolegliwo\u015bci<\/strong><\/h2>\n<p>Opr\u00f3cz gastronomii imbir zrobi\u0142 osza\u0142amiaj\u0105c\u0105 karier\u0119 w&nbsp;medycynie. Znany jest z&nbsp;w\u0142a\u015bciwo\u015bci odka\u017caj\u0105cych, przeciwb\u00f3lowych, \u0142agodz\u0105cych md\u0142o\u015bci. U\u017cywany jest r\u00f3wnie\u017c jako dodatek do&nbsp;lek\u00f3w przeciwkaszlowych. Imbir wspiera wydzielanie sok\u00f3w \u017co\u0142\u0105dkowych, dlatego spo\u017cywany jako przyprawa do&nbsp;da\u0144 t\u0142ustych i&nbsp;ci\u0119\u017ckich u\u0142atwia trawienie. Kandyzowane k\u0142\u0105cze natomiast dzia\u0142a przeciwwymiotnie, dlatego osoby, kt\u00f3rym nie&nbsp;przeszkadza po\u0142\u0105czenie pikantnego, mocnego posmaku imbiru z&nbsp;powodzeniem mog\u0105 \u017cu\u0107&nbsp;kawa\u0142ki podczas ataku choroby lokomocyjnej czy&nbsp;dla&nbsp;z\u0142agodzenia nudno\u015bci zwi\u0105zanych z&nbsp;wczesn\u0105 ci\u0105\u017c\u0105.<\/p>\n<h2><strong>Egzotyczny imbir \u2013 przyprawa nie&nbsp;dla&nbsp;ka\u017cdego?<\/strong><\/h2>\n<p>Cho\u0107 imbir kandyzowany zachowuje wszystkie w\u0142a\u015bciwo\u015bci prozdrowotne imbiru \u015bwie\u017cego, nie&nbsp;ka\u017cdy powinien go&nbsp;spo\u017cywa\u0107 \u2013 a&nbsp;przynajmniej nie&nbsp;w&nbsp;du\u017cych ilo\u015bciach. Ostro\u017cno\u015b\u0107 szczeg\u00f3lnie zalecana jest osobom zmagaj\u0105cymi si\u0119&nbsp;z&nbsp;wrzodami \u017co\u0142\u0105dka, refluksem, a&nbsp;tak\u017ce cukrzyc\u0105.<\/p>\n<p><strong>Sklep z&nbsp;przyprawami online<\/strong> E-Dana.pl, opr\u00f3cz <strong>owoc\u00f3w kandyzowanych<\/strong>, oferuje tak\u017ce wysokiej jako\u015bci <strong>imbir<\/strong> z&nbsp;najlepszych upraw Tajlandii w&nbsp;dw\u00f3ch formach. Znajdziesz u&nbsp;nas&nbsp;zar\u00f3wno kostki tej&nbsp;wy\u015bmienitej przyprawy, jak&nbsp;i&nbsp;p\u0142atki. Dzi\u0119ki temu dopasujesz form\u0119 tego niesamowitego k\u0142\u0105cza do&nbsp;potrawy czy&nbsp;ulubionego sposobu spo\u017cywania. Dostarczamy bakalie do&nbsp;wszystkich miast w&nbsp;Polsce, w&nbsp;tym&nbsp;<strong>Warszawy<\/strong>.<\/p>\n","protected":false},"excerpt":{"rendered":"<p>Kandyzowany imbir do&nbsp;ciast Kandyzowane owoce pod&nbsp;wp\u0142ywem cukru staj\u0105 si\u0119&nbsp;znacznie s\u0142odsze od&nbsp;ich&nbsp;naturalnych odpowiednik\u00f3w. Imbir znany jest ze&nbsp;swojego s\u0142odko-pikantnego smaku oraz specyficznego aromatu. Tym&nbsp;samym jego s\u0142odsza \u2013 kandyzowana \u2013 wersja doskonale sprawdza si\u0119&nbsp;jako dodatek do&nbsp;deser\u00f3w i&nbsp;ciast. Najlepszy na&nbsp;r\u00f3\u017cne dolegliwo\u015bci Opr\u00f3cz gastronomii imbir zrobi\u0142 osza\u0142amiaj\u0105c\u0105 karier\u0119 w&nbsp;medycynie. Znany jest z&nbsp;w\u0142a\u015bciwo\u015bci odka\u017caj\u0105cych, przeciwb\u00f3lowych, \u0142agodz\u0105cych md\u0142o\u015bci. U\u017cywany jest r\u00f3wnie\u017c jako [&hellip;]<\/p>\n","protected":false},"author":2,"featured_media":47,"comment_status":"closed","ping_status":"closed","sticky":false,"template":"","format":"standard","meta":{"footnotes":""},"categories":[1],"tags":[],"class_list":["post-45","post","type-post","status-publish","format-standard","has-post-thumbnail","hentry","category-blog"],"_links":{"self":[{"href":"https:\/\/e-dana.pl\/blog\/wp-json\/wp\/v2\/posts\/45","targetHints":{"allow":["GET"]}}],"collection":[{"href":"https:\/\/e-dana.pl\/blog\/wp-json\/wp\/v2\/posts"}],"about":[{"href":"https:\/\/e-dana.pl\/blog\/wp-json\/wp\/v2\/types\/post"}],"author":[{"embeddable":true,"href":"https:\/\/e-dana.pl\/blog\/wp-json\/wp\/v2\/users\/2"}],"replies":[{"embeddable":true,"href":"https:\/\/e-dana.pl\/blog\/wp-json\/wp\/v2\/comments?post=45"}],"version-history":[{"count":4,"href":"https:\/\/e-dana.pl\/blog\/wp-json\/wp\/v2\/posts\/45\/revisions"}],"predecessor-version":[{"id":88,"href":"https:\/\/e-dana.pl\/blog\/wp-json\/wp\/v2\/posts\/45\/revisions\/88"}],"wp:featuredmedia":[{"embeddable":true,"href":"https:\/\/e-dana.pl\/blog\/wp-json\/wp\/v2\/media\/47"}],"wp:attachment":[{"href":"https:\/\/e-dana.pl\/blog\/wp-json\/wp\/v2\/media?parent=45"}],"wp:term":[{"taxonomy":"category","embeddable":true,"href":"https:\/\/e-dana.pl\/blog\/wp-json\/wp\/v2\/categories?post=45"},{"taxonomy":"post_tag","embeddable":true,"href":"https:\/\/e-dana.pl\/blog\/wp-json\/wp\/v2\/tags?post=45"}],"curies":[{"name":"wp","href":"https:\/\/api.w.org\/{rel}","templated":true}]}}